{"id":296,"date":"2020-03-26T00:32:14","date_gmt":"2020-03-26T00:32:14","guid":{"rendered":"https:\/\/www.galeriekemboury.sn\/?p=296"},"modified":"2020-03-26T16:00:10","modified_gmt":"2020-03-26T16:00:10","slug":"samba-diallo-les-enfants-du-soleil","status":"publish","type":"post","link":"https:\/\/www.galeriekemboury.sn\/index.php\/2020\/03\/26\/samba-diallo-les-enfants-du-soleil\/","title":{"rendered":"Samba Diallo : \u00ab Les enfants du soleil \u00bb"},"content":{"rendered":"\n<h2 class=\"wp-block-heading\">Du 03 mai au 02 juin 2018<\/h2>\n\n\n\n<p style=\"text-align: justify;\">Samba Diallo dessinait sur\ntous les supports qui lui passaient sous la main. Il a fini par choisir de\ndevenir un artiste visuel qui a fr\u00e9quent\u00e9 divers ateliers pour peaufiner ses\nlignes et ses formes. Mais tout porte \u00e0 croire que son sens de la couleur est\nspontan\u00e9. Apr\u00e8s plusieurs expositions au S\u00e9n\u00e9gal, Samba Diallo s\u2019est retrouv\u00e9\nen France o\u00f9 il vit pr\u00e9sentement. Il s\u2019y exprime avec la lumi\u00e8re singuli\u00e8re du\nS\u00e9n\u00e9gal qu\u2019il a engrang\u00e9e d\u00e8s ses premi\u00e8res ann\u00e9es.<\/p>\n\n\n\n<p style=\"text-align: justify;\">Ses \u0153uvres sont\nconstruites avec une rare complexit\u00e9. Ses superpositions de formes et de\ncouleurs se croisent avec des lignes de perspective aux trajectoires\nvertigineuses.<\/p>\n\n\n\n<p style=\"text-align: justify;\">La mosa\u00efque est une touche\nr\u00e9currente chez l\u2019artiste, la lumi\u00e8re \u00e0 la chaleur intensifi\u00e9e, une loi.<\/p>\n\n\n\n<p style=\"text-align: justify;\">Dans une symbolique\npartag\u00e9e, le soleil de la vie et de la spiritualit\u00e9 traverse son \u0153uvre. La\ncolombe de la paix est un appel permanent. Le masque, la poup\u00e9e ashanti\nr\u00e9sonnent chez l\u2019artiste comme un hymne \u00e0 la gloire de l\u2019Afrique tout comme le\npatchwork.<\/p>\n\n\n\n<p style=\"text-align: justify;\">Avec une vigueur et une\ng\u00e9n\u00e9rosit\u00e9 \u00e0 peine dans la mesure, Samba Diallo exprime son attachement \u00e0 ses\nracines africaines. A cette Afrique qui l\u00e8ve la t\u00eate et qui marche dans sa\nlumi\u00e8re donn\u00e9e en partage au monde.<\/p>\n\n\n\n<p><strong>Massamba<\/strong> <strong>MBAYE<\/strong>, Critique d\u2019art <em>et commissaire<\/em><\/p>\n","protected":false},"excerpt":{"rendered":"<p>Du 03 mai au 02 juin 2018 Samba Diallo dessinait sur tous les supports qui lui passaient sous la main. Il a fini par choisir de devenir un artiste visuel qui a fr\u00e9quent\u00e9 divers ateliers pour peaufiner ses lignes et ses formes. Mais tout porte \u00e0 croire que son sens de la couleur est spontan\u00e9. &hellip; <\/p>\n<p class=\"link-more\"><a href=\"https:\/\/www.galeriekemboury.sn\/index.php\/2020\/03\/26\/samba-diallo-les-enfants-du-soleil\/\" class=\"more-link\">Continuer la lecture<span class=\"screen-reader-text\"> de &laquo;&nbsp;Samba Diallo : \u00ab Les enfants du soleil \u00bb&nbsp;&raquo;<\/span><\/a><\/p>\n","protected":false},"author":1,"featured_media":0,"comment_status":"open","ping_status":"open","sticky":false,"template":"","format":"standard","meta":{"footnotes":""},"categories":[1],"tags":[],"class_list":["post-296","post","type-post","status-publish","format-standard","hentry","category-non-classe"],"_links":{"self":[{"href":"https:\/\/www.galeriekemboury.sn\/index.php\/wp-json\/wp\/v2\/posts\/296"}],"collection":[{"href":"https:\/\/www.galeriekemboury.sn\/index.php\/wp-json\/wp\/v2\/posts"}],"about":[{"href":"https:\/\/www.galeriekemboury.sn\/index.php\/wp-json\/wp\/v2\/types\/post"}],"author":[{"embeddable":true,"href":"https:\/\/www.galeriekemboury.sn\/index.php\/wp-json\/wp\/v2\/users\/1"}],"replies":[{"embeddable":true,"href":"https:\/\/www.galeriekemboury.sn\/index.php\/wp-json\/wp\/v2\/comments?post=296"}],"version-history":[{"count":6,"href":"https:\/\/www.galeriekemboury.sn\/index.php\/wp-json\/wp\/v2\/posts\/296\/revisions"}],"predecessor-version":[{"id":353,"href":"https:\/\/www.galeriekemboury.sn\/index.php\/wp-json\/wp\/v2\/posts\/296\/revisions\/353"}],"wp:attachment":[{"href":"https:\/\/www.galeriekemboury.sn\/index.php\/wp-json\/wp\/v2\/media?parent=296"}],"wp:term":[{"taxonomy":"category","embeddable":true,"href":"https:\/\/www.galeriekemboury.sn\/index.php\/wp-json\/wp\/v2\/categories?post=296"},{"taxonomy":"post_tag","embeddable":true,"href":"https:\/\/www.galeriekemboury.sn\/index.php\/wp-json\/wp\/v2\/tags?post=296"}],"curies":[{"name":"wp","href":"https:\/\/api.w.org\/{rel}","templated":true}]}}