{"id":376,"date":"2020-03-27T00:10:02","date_gmt":"2020-03-27T00:10:02","guid":{"rendered":"https:\/\/www.galeriekemboury.sn\/?p=376"},"modified":"2020-03-27T16:22:39","modified_gmt":"2020-03-27T16:22:39","slug":"souleymane-keita","status":"publish","type":"post","link":"https:\/\/www.galeriekemboury.sn\/index.php\/2020\/03\/27\/souleymane-keita\/","title":{"rendered":"Souleymane KE\u00cfTA"},"content":{"rendered":"\n<p style=\"text-align: justify;\">Souleymane KE\u00cfTA est\u2028 n\u00e9 en\n1947 \u00e0 Gor\u00e9e, S\u00e9n\u00e9gal et d\u00e9c\u00e9d\u00e9 le 19 juillet 2014 \u00e0 Dakar, S\u00e9n\u00e9gal.<\/p>\n\n\n\n<p style=\"text-align: justify;\">Il est\ndipl\u00f4m\u00e9 de l&rsquo;\u00e9cole nationale des Beaux-arts de Dakar, sous la direction d&rsquo;Iba\nN&rsquo;Diaye. Il a \u00e9t\u00e9 professeur de c\u00e9ramique et de peinture au Jama\u00efca\nArts center \u00e0 New-York.<\/p>\n\n\n\n<p style=\"text-align: justify;\">Souleymane Ke\u00efta a abord\u00e9\ndivers domaines, autres que la peinture, l\u2019aquarelle ou la c\u00e9ramique, comme la\nfresque.<\/p>\n\n\n\n<p>Il a&nbsp; illustr\u00e9 \u00e9galement divers ouvrages.<\/p>\n\n\n\n<p style=\"text-align: justify;\">Souleymane Keita fait\npartie des artistes s\u00e9n\u00e9galais qui ont touch\u00e9 \u00e0 la peinture dans le sillage direct\ndes pr\u00e9curseurs que sont Iba Ndiaye et Papa Ibra Tall. C\u2019est \u00e0 l\u2019\u00e2ge de treize\nans qu\u2019il a int\u00e9gr\u00e9 les ateliers de Ndiaye avant de finir sa formation sept\nann\u00e9es plus tard en c\u00e9ramique. Par contre, il est difficile de le classer dans\nune g\u00e9n\u00e9ration pr\u00e9cise car s\u2019il a c\u00f4toy\u00e9 la premi\u00e8re fourn\u00e9e d\u2019artistes form\u00e9s\ndans un cadre acad\u00e9mique au S\u00e9n\u00e9gal, sa position insulaire en a fait une sorte\nd\u2019artiste \u00e0 part.<\/p>\n\n\n\n<p style=\"text-align: justify;\">Souleymane\nKe\u00efta est consid\u00e9r\u00e9 comme le&nbsp;chef\nde la peinture abstraite&nbsp;au S\u00e9n\u00e9gal. <\/p>\n\n\n\n<p style=\"text-align: justify;\">Reconnu\ncomme le doyen et l\u2019un des principaux chefs de file de l\u2019art contemporain au\nS\u00e9n\u00e9gal, cet artiste \u00e9m\u00e9rite est l\u2019auteur de plusieurs expositions\ninternationales. Ses \u0153uvres ont \u00e9t\u00e9 achet\u00e9es par de nombreux mus\u00e9es,\ncollectionneurs, institutions, pr\u00e9sidences et ambassades \u00e0 travers le monde. <\/p>\n","protected":false},"excerpt":{"rendered":"<p>Souleymane KE\u00cfTA est\u2028 n\u00e9 en 1947 \u00e0 Gor\u00e9e, S\u00e9n\u00e9gal et d\u00e9c\u00e9d\u00e9 le 19 juillet 2014 \u00e0 Dakar, S\u00e9n\u00e9gal. Il est dipl\u00f4m\u00e9 de l&rsquo;\u00e9cole nationale des Beaux-arts de Dakar, sous la direction d&rsquo;Iba N&rsquo;Diaye. Il a \u00e9t\u00e9 professeur de c\u00e9ramique et de peinture au Jama\u00efca Arts center \u00e0 New-York. Souleymane Ke\u00efta a abord\u00e9 divers domaines, autres &hellip; <\/p>\n<p class=\"link-more\"><a href=\"https:\/\/www.galeriekemboury.sn\/index.php\/2020\/03\/27\/souleymane-keita\/\" class=\"more-link\">Continuer la lecture<span class=\"screen-reader-text\"> de &laquo;&nbsp;Souleymane KE\u00cfTA&nbsp;&raquo;<\/span><\/a><\/p>\n","protected":false},"author":1,"featured_media":0,"comment_status":"open","ping_status":"open","sticky":false,"template":"","format":"standard","meta":{"footnotes":""},"categories":[3],"tags":[],"class_list":["post-376","post","type-post","status-publish","format-standard","hentry","category-artistes"],"_links":{"self":[{"href":"https:\/\/www.galeriekemboury.sn\/index.php\/wp-json\/wp\/v2\/posts\/376"}],"collection":[{"href":"https:\/\/www.galeriekemboury.sn\/index.php\/wp-json\/wp\/v2\/posts"}],"about":[{"href":"https:\/\/www.galeriekemboury.sn\/index.php\/wp-json\/wp\/v2\/types\/post"}],"author":[{"embeddable":true,"href":"https:\/\/www.galeriekemboury.sn\/index.php\/wp-json\/wp\/v2\/users\/1"}],"replies":[{"embeddable":true,"href":"https:\/\/www.galeriekemboury.sn\/index.php\/wp-json\/wp\/v2\/comments?post=376"}],"version-history":[{"count":2,"href":"https:\/\/www.galeriekemboury.sn\/index.php\/wp-json\/wp\/v2\/posts\/376\/revisions"}],"predecessor-version":[{"id":421,"href":"https:\/\/www.galeriekemboury.sn\/index.php\/wp-json\/wp\/v2\/posts\/376\/revisions\/421"}],"wp:attachment":[{"href":"https:\/\/www.galeriekemboury.sn\/index.php\/wp-json\/wp\/v2\/media?parent=376"}],"wp:term":[{"taxonomy":"category","embeddable":true,"href":"https:\/\/www.galeriekemboury.sn\/index.php\/wp-json\/wp\/v2\/categories?post=376"},{"taxonomy":"post_tag","embeddable":true,"href":"https:\/\/www.galeriekemboury.sn\/index.php\/wp-json\/wp\/v2\/tags?post=376"}],"curies":[{"name":"wp","href":"https:\/\/api.w.org\/{rel}","templated":true}]}}