{"id":386,"date":"2020-03-27T00:31:16","date_gmt":"2020-03-27T00:31:16","guid":{"rendered":"https:\/\/www.galeriekemboury.sn\/?p=386"},"modified":"2020-03-27T00:31:16","modified_gmt":"2020-03-27T00:31:16","slug":"mbida-fall","status":"publish","type":"post","link":"https:\/\/www.galeriekemboury.sn\/index.php\/2020\/03\/27\/mbida-fall\/","title":{"rendered":"Mbida FALL"},"content":{"rendered":"\n<p style=\"text-align: justify;\">Birahim Fall dit\nMbida est d\u00e9c\u00e9d\u00e9 le 4 juillet 2012 \u00e0 soixante trois ans \u00e0 Dakar. Jusqu\u2019\u00e0 son\ndernier souffle, il aura continu\u00e9 un acte cr\u00e9atif sur verre invers\u00e9 qui l\u2019a\nentretenu malgr\u00e9 les vicissitudes de la vie.<\/p>\n\n\n\n<p style=\"text-align: justify;\">Peintre de talent, il\na appris, par lui-m\u00eame, \u00e0 dessiner et \u00e0 composer. Par la suite, il apprendra la\ntechnique si singuli\u00e8re de la peinture sous-verre qui a fait \u00e9cole au S\u00e9n\u00e9gal.<\/p>\n\n\n\n<p style=\"text-align: justify;\">Mbida fera des\noeuvres \u00e0 succ\u00e8s. Un succ\u00e8s tel qu\u2019il sera beaucoup copi\u00e9.<\/p>\n\n\n\n<p style=\"text-align: justify;\">Il prendra ses\ndistances par rapport au S\u00e9n\u00e9gal pendant dix ans en s\u2019installant au Burkina\nFaso avant de revenir au pays natal au d\u00e9but des ann\u00e9es 2000.<\/p>\n\n\n\n<p style=\"text-align: justify;\">Ce natif de Ngaye\nMekh\u00e9 est l\u2019un des peintres sous verre les plus talentueux de sa g\u00e9n\u00e9ration.<\/p>\n\n\n\n<p style=\"text-align: justify;\">Ses th\u00e8mes sont d\u2019une\ngrande diversit\u00e9 et ses s\u00e9ries sur les femmes en fleurs sont remarquables de\ndouceur et po\u00e9sie.<\/p>\n","protected":false},"excerpt":{"rendered":"<p>Birahim Fall dit Mbida est d\u00e9c\u00e9d\u00e9 le 4 juillet 2012 \u00e0 soixante trois ans \u00e0 Dakar. Jusqu\u2019\u00e0 son dernier souffle, il aura continu\u00e9 un acte cr\u00e9atif sur verre invers\u00e9 qui l\u2019a entretenu malgr\u00e9 les vicissitudes de la vie. Peintre de talent, il a appris, par lui-m\u00eame, \u00e0 dessiner et \u00e0 composer. Par la suite, il &hellip; <\/p>\n<p class=\"link-more\"><a href=\"https:\/\/www.galeriekemboury.sn\/index.php\/2020\/03\/27\/mbida-fall\/\" class=\"more-link\">Continuer la lecture<span class=\"screen-reader-text\"> de &laquo;&nbsp;Mbida FALL&nbsp;&raquo;<\/span><\/a><\/p>\n","protected":false},"author":1,"featured_media":0,"comment_status":"open","ping_status":"open","sticky":false,"template":"","format":"standard","meta":{"footnotes":""},"categories":[3],"tags":[],"class_list":["post-386","post","type-post","status-publish","format-standard","hentry","category-artistes"],"_links":{"self":[{"href":"https:\/\/www.galeriekemboury.sn\/index.php\/wp-json\/wp\/v2\/posts\/386"}],"collection":[{"href":"https:\/\/www.galeriekemboury.sn\/index.php\/wp-json\/wp\/v2\/posts"}],"about":[{"href":"https:\/\/www.galeriekemboury.sn\/index.php\/wp-json\/wp\/v2\/types\/post"}],"author":[{"embeddable":true,"href":"https:\/\/www.galeriekemboury.sn\/index.php\/wp-json\/wp\/v2\/users\/1"}],"replies":[{"embeddable":true,"href":"https:\/\/www.galeriekemboury.sn\/index.php\/wp-json\/wp\/v2\/comments?post=386"}],"version-history":[{"count":1,"href":"https:\/\/www.galeriekemboury.sn\/index.php\/wp-json\/wp\/v2\/posts\/386\/revisions"}],"predecessor-version":[{"id":387,"href":"https:\/\/www.galeriekemboury.sn\/index.php\/wp-json\/wp\/v2\/posts\/386\/revisions\/387"}],"wp:attachment":[{"href":"https:\/\/www.galeriekemboury.sn\/index.php\/wp-json\/wp\/v2\/media?parent=386"}],"wp:term":[{"taxonomy":"category","embeddable":true,"href":"https:\/\/www.galeriekemboury.sn\/index.php\/wp-json\/wp\/v2\/categories?post=386"},{"taxonomy":"post_tag","embeddable":true,"href":"https:\/\/www.galeriekemboury.sn\/index.php\/wp-json\/wp\/v2\/tags?post=386"}],"curies":[{"name":"wp","href":"https:\/\/api.w.org\/{rel}","templated":true}]}}