{"id":392,"date":"2020-03-27T00:38:06","date_gmt":"2020-03-27T00:38:06","guid":{"rendered":"https:\/\/www.galeriekemboury.sn\/?p=392"},"modified":"2020-03-27T00:38:26","modified_gmt":"2020-03-27T00:38:26","slug":"samba-diallo","status":"publish","type":"post","link":"https:\/\/www.galeriekemboury.sn\/index.php\/2020\/03\/27\/samba-diallo\/","title":{"rendered":"Samba DIALLO"},"content":{"rendered":"\n<p style=\"text-align: justify;\">Samba Diallo est un artiste visuel qui a un sens inn\u00e9 de la couleur.\nApr\u00e8s plusieurs expositions au S\u00e9n\u00e9gal, Samba Diallo s\u2019est retrouv\u00e9 en France\no\u00f9 il vit pr\u00e9sentement. Il s\u2019y exprime avec la lumi\u00e8re singuli\u00e8re du S\u00e9n\u00e9gal\nqu\u2019il a engrang\u00e9e d\u00e8s ses premi\u00e8res ann\u00e9es.<\/p>\n\n\n\n<p style=\"text-align: justify;\">Ses \u0153uvres sont construites avec une rare complexit\u00e9. Ses superpositions\nde formes et de couleurs se croisent avec des lignes de perspective aux\ntrajectoires vertigineuses.<\/p>\n\n\n\n<p style=\"text-align: justify;\">La mosa\u00efque est une touche r\u00e9currente chez l\u2019artiste, la lumi\u00e8re \u00e0 la\nchaleur intensifi\u00e9e, une loi.<\/p>\n\n\n\n<p>Samba DIALLO vit et\ntravaille en France<\/p>\n","protected":false},"excerpt":{"rendered":"<p>Samba Diallo est un artiste visuel qui a un sens inn\u00e9 de la couleur. Apr\u00e8s plusieurs expositions au S\u00e9n\u00e9gal, Samba Diallo s\u2019est retrouv\u00e9 en France o\u00f9 il vit pr\u00e9sentement. Il s\u2019y exprime avec la lumi\u00e8re singuli\u00e8re du S\u00e9n\u00e9gal qu\u2019il a engrang\u00e9e d\u00e8s ses premi\u00e8res ann\u00e9es. Ses \u0153uvres sont construites avec une rare complexit\u00e9. Ses superpositions &hellip; <\/p>\n<p class=\"link-more\"><a href=\"https:\/\/www.galeriekemboury.sn\/index.php\/2020\/03\/27\/samba-diallo\/\" class=\"more-link\">Continuer la lecture<span class=\"screen-reader-text\"> de &laquo;&nbsp;Samba DIALLO&nbsp;&raquo;<\/span><\/a><\/p>\n","protected":false},"author":1,"featured_media":0,"comment_status":"open","ping_status":"open","sticky":false,"template":"","format":"standard","meta":{"footnotes":""},"categories":[3,1],"tags":[],"class_list":["post-392","post","type-post","status-publish","format-standard","hentry","category-artistes","category-non-classe"],"_links":{"self":[{"href":"https:\/\/www.galeriekemboury.sn\/index.php\/wp-json\/wp\/v2\/posts\/392"}],"collection":[{"href":"https:\/\/www.galeriekemboury.sn\/index.php\/wp-json\/wp\/v2\/posts"}],"about":[{"href":"https:\/\/www.galeriekemboury.sn\/index.php\/wp-json\/wp\/v2\/types\/post"}],"author":[{"embeddable":true,"href":"https:\/\/www.galeriekemboury.sn\/index.php\/wp-json\/wp\/v2\/users\/1"}],"replies":[{"embeddable":true,"href":"https:\/\/www.galeriekemboury.sn\/index.php\/wp-json\/wp\/v2\/comments?post=392"}],"version-history":[{"count":2,"href":"https:\/\/www.galeriekemboury.sn\/index.php\/wp-json\/wp\/v2\/posts\/392\/revisions"}],"predecessor-version":[{"id":394,"href":"https:\/\/www.galeriekemboury.sn\/index.php\/wp-json\/wp\/v2\/posts\/392\/revisions\/394"}],"wp:attachment":[{"href":"https:\/\/www.galeriekemboury.sn\/index.php\/wp-json\/wp\/v2\/media?parent=392"}],"wp:term":[{"taxonomy":"category","embeddable":true,"href":"https:\/\/www.galeriekemboury.sn\/index.php\/wp-json\/wp\/v2\/categories?post=392"},{"taxonomy":"post_tag","embeddable":true,"href":"https:\/\/www.galeriekemboury.sn\/index.php\/wp-json\/wp\/v2\/tags?post=392"}],"curies":[{"name":"wp","href":"https:\/\/api.w.org\/{rel}","templated":true}]}}