{"id":408,"date":"2020-03-27T00:55:42","date_gmt":"2020-03-27T00:55:42","guid":{"rendered":"https:\/\/www.galeriekemboury.sn\/?p=408"},"modified":"2020-03-27T01:07:45","modified_gmt":"2020-03-27T01:07:45","slug":"arebenor","status":"publish","type":"post","link":"https:\/\/www.galeriekemboury.sn\/index.php\/2020\/03\/27\/arebenor\/","title":{"rendered":"AREBENOR"},"content":{"rendered":"\n<p style=\"text-align: justify;\">Ar\u00e9b\u00e9nor Omar Yacinthe Bass\u00e8ne est un artiste\nplasticien, professeur d\u2019art, titulaire d\u2019un master en civilisation et\nlitt\u00e9rature africaine au d\u00e9partement d\u2019Anglais de l\u2019Universit\u00e9 Cheikh Anta Diop\nde Dakar et d\u2019un dipl\u00f4me d\u2019Etudes Sup\u00e9rieures Artistique \u00e0 l\u2019\u00e9cole nationale\ndes arts du S\u00e9n\u00e9gal. <\/p>\n\n\n\n<p style=\"text-align: justify;\">L\u2019\u00e9criture occupe une place particuli\u00e8re dans\nla production artistique d\u2019Ar\u00e9b\u00e9nor. <\/p>\n\n\n\n<p style=\"text-align: justify;\">S\u2019il est fortement marqu\u00e9 par l\u2019histoire de\nl\u2019humanit\u00e9, sa peinture ne manque pas de poser un regard critique sur\nl\u2019histoire qui est en train de se passer. <\/p>\n\n\n\n<p style=\"text-align: justify;\">Apr\u00e8s plusieurs expositions au S\u00e9n\u00e9gal et \u00e0\nl\u2019\u00e9tranger notamment \u00e0 la r\u00e9sidence Georges Soros de Gor\u00e9e, celle de la\ns\u00e9lection nationale du Festival mondial des arts n\u00e8gres&nbsp; en 2015, il a \u00e9t\u00e9 artiste en r\u00e9sidence dans\nla province de Namur en Belgique. Il fut laur\u00e9at au dernier Salon National des\nartistes plasticiens du S\u00e9n\u00e9gal, et a obtenu le prix du minist\u00e8re de la\nCulture. A l\u2019exposition internationale de la Biennale Dak\u2019Art 2016, il a eu le\nprix sp\u00e9cial UEMOA. <\/p>\n\n\n\n<p style=\"text-align: justify;\">Apr\u00e8s cette cons\u00e9cration, il tient sa\npremi\u00e8re exposition individuelle \u00e0 l\u2019ext\u00e9rieur notamment \u00e0 la Galerie Gery de\nNamur en Septembre 2016, avant d\u2019exposer ses \u0153uvres \u00e0 la Galerie Atiss \u00e0 Dakar et\npour la Galerie Kemboury au S\u00e9n\u00e9gal et \u00e0 l\u2019\u00e9tranger.<\/p>\n\n\n\n<p>Il vit et travaille \u00e0 Dakar.<\/p>\n","protected":false},"excerpt":{"rendered":"<p>Ar\u00e9b\u00e9nor Omar Yacinthe Bass\u00e8ne est un artiste plasticien, professeur d\u2019art, titulaire d\u2019un master en civilisation et litt\u00e9rature africaine au d\u00e9partement d\u2019Anglais de l\u2019Universit\u00e9 Cheikh Anta Diop de Dakar et d\u2019un dipl\u00f4me d\u2019Etudes Sup\u00e9rieures Artistique \u00e0 l\u2019\u00e9cole nationale des arts du S\u00e9n\u00e9gal. L\u2019\u00e9criture occupe une place particuli\u00e8re dans la production artistique d\u2019Ar\u00e9b\u00e9nor. S\u2019il est fortement marqu\u00e9 &hellip; <\/p>\n<p class=\"link-more\"><a href=\"https:\/\/www.galeriekemboury.sn\/index.php\/2020\/03\/27\/arebenor\/\" class=\"more-link\">Continuer la lecture<span class=\"screen-reader-text\"> de &laquo;&nbsp;AREBENOR&nbsp;&raquo;<\/span><\/a><\/p>\n","protected":false},"author":1,"featured_media":0,"comment_status":"open","ping_status":"open","sticky":false,"template":"","format":"standard","meta":{"footnotes":""},"categories":[3],"tags":[],"class_list":["post-408","post","type-post","status-publish","format-standard","hentry","category-artistes"],"_links":{"self":[{"href":"https:\/\/www.galeriekemboury.sn\/index.php\/wp-json\/wp\/v2\/posts\/408"}],"collection":[{"href":"https:\/\/www.galeriekemboury.sn\/index.php\/wp-json\/wp\/v2\/posts"}],"about":[{"href":"https:\/\/www.galeriekemboury.sn\/index.php\/wp-json\/wp\/v2\/types\/post"}],"author":[{"embeddable":true,"href":"https:\/\/www.galeriekemboury.sn\/index.php\/wp-json\/wp\/v2\/users\/1"}],"replies":[{"embeddable":true,"href":"https:\/\/www.galeriekemboury.sn\/index.php\/wp-json\/wp\/v2\/comments?post=408"}],"version-history":[{"count":1,"href":"https:\/\/www.galeriekemboury.sn\/index.php\/wp-json\/wp\/v2\/posts\/408\/revisions"}],"predecessor-version":[{"id":409,"href":"https:\/\/www.galeriekemboury.sn\/index.php\/wp-json\/wp\/v2\/posts\/408\/revisions\/409"}],"wp:attachment":[{"href":"https:\/\/www.galeriekemboury.sn\/index.php\/wp-json\/wp\/v2\/media?parent=408"}],"wp:term":[{"taxonomy":"category","embeddable":true,"href":"https:\/\/www.galeriekemboury.sn\/index.php\/wp-json\/wp\/v2\/categories?post=408"},{"taxonomy":"post_tag","embeddable":true,"href":"https:\/\/www.galeriekemboury.sn\/index.php\/wp-json\/wp\/v2\/tags?post=408"}],"curies":[{"name":"wp","href":"https:\/\/api.w.org\/{rel}","templated":true}]}}